{"id":2558,"date":"2024-11-13T22:17:49","date_gmt":"2024-11-13T19:17:49","guid":{"rendered":"https:\/\/atom.ubbcluj.ro\/fizika\/?p=2558"},"modified":"2024-11-13T22:27:04","modified_gmt":"2024-11-13T19:27:04","slug":"gabos-100","status":"publish","type":"post","link":"https:\/\/atom.ubbcluj.ro\/fizika\/2024\/11\/13\/gabos-100\/","title":{"rendered":"G\u00e1bos100 Konferencia"},"content":{"rendered":"\n<p>2024. november 15-\u00e9n a Kolozsv\u00e1ri Akad\u00e9miai Bizotts\u00e1g (KAB) \u00e9s a Babe\u0219\u2013Bolyai Tudom\u00e1nyegyetem (BBTE) Fizika Kara k\u00f6z\u00f6sen tiszteleg G\u00e1bos Zolt\u00e1n, az erd\u00e9lyi magyar fizika kiemelked\u0151 alakja el\u0151tt. A sz\u00fclet\u00e9s\u00e9nek 100. \u00e9vfordul\u00f3j\u00e1ra szervezett eml\u00e9kkonferenci\u00e1n neves el\u0151ad\u00f3k m\u00e9ltatj\u00e1k \u00e9let\u00fatj\u00e1t \u00e9s tudom\u00e1nyos munk\u00e1ss\u00e1g\u00e1t.<\/p>\n\n\n\n<p>Az esem\u00e9ny keret\u00e9ben mellszobr\u00e1nak felavat\u00e1s\u00e1ra \u00e9s a r\u00f3la elnevezett tantanterem n\u00e9vad\u00f3j\u00e1ra is sor ker\u00fcl. <\/p>\n\n\n\n<p>Csatlakozzon hozz\u00e1nk, \u00e9s tisztelegj\u00fcnk egy\u00fctt a kiv\u00e9teles \u00e9letm\u0171 el\u0151tt!<\/p>\n\n\n\n<h3 class=\"wp-block-heading\">Konferencia a 100 \u00e9ve sz\u00fcletett G\u00e1bos Zolt\u00e1n fizikus professzor eml\u00e9k\u00e9re<br>Conferin\u021b\u0103 \u00een memoria profesorului G\u00e1bos Zolt\u00e1n, fizician<\/h3>\n\n\n\n<p>2024 november 15, p\u00e9ntek \u2013 Vineri, 15 noiembrie 2024<br>BBTE K\u00f6zponti \u00e9p\u00fclet, Augustin Maior el\u0151ad\u00f3terem, Cl\u0103direa Central\u0103 UBB, Amfiteatrul Augustin Maior<\/p>\n\n\n\n<h4 class=\"wp-block-heading\">Magyar nyelv\u0171 modul \u2013 Modul \u00een limba maghiar\u0103<\/h4>\n\n\n\n<p>9.30 Megnyit\u00f3, k\u00f6sz\u00f6nt\u00e9sek \u2013 Deschidere, mesaje<br>9.40 <strong>Nagy L\u00e1szl\u00f3<\/strong> \u2013 Megeml\u00e9kez\u00e9s G\u00e1bos Zolt\u00e1nr\u00f3l \u2013 \u00cen memoria lui G\u00e1bos Zolt\u00e1n<br>9.50 <strong>L\u00e1z\u00e1r Zsolt<\/strong> \u2013 Szemelv\u00e9nyek G\u00e1bos Zolt\u00e1n munk\u00e1ss\u00e1g\u00e1b\u00f3l \u2013 Din lucr\u0103rile lui G\u00e1bos Zolt\u00e1n<br>10.20 <strong>Tr\u00f3cs\u00e1nyi Zolt\u00e1n<\/strong> &#8211; Hol tart a r\u00e9szecskefizika 2024-ben? \u2013 Unde st\u0103 fizica particulelor elementare \u00een 2024?<br>10.50 <strong>L\u00e1szl\u00f3 Andr\u00e1s<\/strong> \u2013 G\u00f6rb\u00fclt t\u00e9rid\u0151 laborat\u00f3riumban? \u2013 Spa\u021biu-timp curbat \u00een laborator?<\/p>\n\n\n\n<p>11.20 Sz\u00fcnet \u2013 Pauz\u0103<\/p>\n\n\n\n<p>11.40 A G\u00e1bos Zolt\u00e1n terem \u00e9s mellszobor felavat\u00e1sa \u2013 Inaugurarea s\u0103lii \u0219i bustului lui G\u00e1bos Zolt\u00e1n<\/p>\n\n\n\n<h4 class=\"wp-block-heading\">Modul \u00een limba rom\u00e2n\u0103 \u2013 Rom\u00e1n nyelv\u0171 modul<\/h4>\n\n\n\n<p>12.00 Mesajul rectorului, mesajul decanului \u2013 A rektor \u00e9s a d\u00e9k\u00e1n k\u00f6sz\u00f6nt\u0151je<br>12.20 <strong>Simion Simon<\/strong> \u2013 Profesorul \u0219i decanul G\u00e1bos Zolt\u00e1n \u2013 G\u00e1bos Zolt\u00e1n, a professzor \u00e9s a d\u00e9k\u00e1n<br>12.50 <strong>Tiberiu Hark\u00f3<\/strong> \u2013 De la explozia initial\u0103 la Universul \u00een accelerare &#8211; o scurt\u0103 sintez\u0103 a cosmologiei contemporane \u2013 Az \u0151srobban\u00e1st\u00f3l a gyorsul\u00f3 Univerzumig \u2013 a kort\u00e1rs kozmol\u00f3gia r\u00f6vid szint\u00e9zise<\/p>\n","protected":false},"excerpt":{"rendered":"<p>A 100 \u00e9ve sz\u00fcletett G\u00e1bos Zolt\u00e1n fizikus professzor eml\u00e9k\u00e9re<\/p>\n","protected":false},"author":1,"featured_media":2562,"comment_status":"closed","ping_status":"open","sticky":false,"template":"","format":"standard","meta":{"wpupg_custom_link":[],"wpupg_custom_link_behaviour":[],"wpupg_custom_link_nofollow":[],"wpupg_custom_image":[],"wpupg_custom_image_id":[],"footnotes":""},"categories":[6,7],"tags":[],"class_list":["post-2558","post","type-post","status-publish","format-standard","has-post-thumbnail","hentry","category-esemeny","category-hir"],"featured_image_src":"https:\/\/atom.ubbcluj.ro\/fizika\/wp-content\/uploads\/2024\/11\/gabos100-1.jpg","author_info":{"display_name":"J\u00e1rai-Szab\u00f3 Ferenc","author_link":"https:\/\/atom.ubbcluj.ro\/fizika\/author\/ferenc-jarai\/"},"_links":{"self":[{"href":"https:\/\/atom.ubbcluj.ro\/fizika\/wp-json\/wp\/v2\/posts\/2558","targetHints":{"allow":["GET"]}}],"collection":[{"href":"https:\/\/atom.ubbcluj.ro\/fizika\/wp-json\/wp\/v2\/posts"}],"about":[{"href":"https:\/\/atom.ubbcluj.ro\/fizika\/wp-json\/wp\/v2\/types\/post"}],"author":[{"embeddable":true,"href":"https:\/\/atom.ubbcluj.ro\/fizika\/wp-json\/wp\/v2\/users\/1"}],"replies":[{"embeddable":true,"href":"https:\/\/atom.ubbcluj.ro\/fizika\/wp-json\/wp\/v2\/comments?post=2558"}],"version-history":[{"count":3,"href":"https:\/\/atom.ubbcluj.ro\/fizika\/wp-json\/wp\/v2\/posts\/2558\/revisions"}],"predecessor-version":[{"id":2564,"href":"https:\/\/atom.ubbcluj.ro\/fizika\/wp-json\/wp\/v2\/posts\/2558\/revisions\/2564"}],"wp:featuredmedia":[{"embeddable":true,"href":"https:\/\/atom.ubbcluj.ro\/fizika\/wp-json\/wp\/v2\/media\/2562"}],"wp:attachment":[{"href":"https:\/\/atom.ubbcluj.ro\/fizika\/wp-json\/wp\/v2\/media?parent=2558"}],"wp:term":[{"taxonomy":"category","embeddable":true,"href":"https:\/\/atom.ubbcluj.ro\/fizika\/wp-json\/wp\/v2\/categories?post=2558"},{"taxonomy":"post_tag","embeddable":true,"href":"https:\/\/atom.ubbcluj.ro\/fizika\/wp-json\/wp\/v2\/tags?post=2558"}],"curies":[{"name":"wp","href":"https:\/\/api.w.org\/{rel}","templated":true}]}}