{"id":2929,"date":"2025-09-26T13:41:40","date_gmt":"2025-09-26T10:41:40","guid":{"rendered":"https:\/\/atom.ubbcluj.ro\/fizika\/?p=2929"},"modified":"2025-09-26T13:41:42","modified_gmt":"2025-09-26T10:41:42","slug":"bbte-fizika-tanevnyito-2","status":"publish","type":"post","link":"https:\/\/atom.ubbcluj.ro\/fizika\/2025\/09\/26\/bbte-fizika-tanevnyito-2\/","title":{"rendered":"BBTE Fizika tan\u00e9vnyit\u00f3"},"content":{"rendered":"\n<p>Szeretettel v\u00e1runk minden fizikus hallgat\u00f3t\u00a0<strong>2025. szeptember 29<\/strong>-\u00e9n, h\u00e9tf\u0151n 11:00-t\u00f3l a BBTE Fizika Kar Magyar Tagozat\u00e1nak Tan\u00e9vnyit\u00f3j\u00e1n.<\/p>\n\n\n\n<h4 class=\"wp-block-heading\">Helysz\u00edn:<\/h4>\n\n\n\n<p>Victor Marian el\u0151ad\u00f3terem (BBTE F\u0151\u00e9p\u00fclet, 2. emelet)<\/p>\n\n\n\n<h4 class=\"wp-block-heading\">K\u00f6sz\u00f6nt\u0151:<\/h4>\n\n\n\n<ul class=\"wp-block-list\">\n<li>dr. Borb\u00e9ly S\u00e1ndor, d\u00e9k\u00e1nhelyettes<\/li>\n<\/ul>\n\n\n\n<h4 class=\"wp-block-heading\">\u00c9vnyit\u00f3 el\u0151ad\u00e1s:<\/h4>\n\n\n\n<ul class=\"wp-block-list\">\n<li>dr. Gere Istv\u00e1n: <strong>Az atmoszf\u00e9ra hangjai elektromos f\u00fcllel<\/strong><\/li>\n<\/ul>\n","protected":false},"excerpt":{"rendered":"<p>Szeretettel v\u00e1runk minden fizikus hallgat\u00f3t\u00a02025. szeptember 29-\u00e9n, h\u00e9tf\u0151n 11:00-t\u00f3l a BBTE Fizika Kar Magyar Tagozat\u00e1nak Tan\u00e9vnyit\u00f3j\u00e1n. Helysz\u00edn: Victor Marian el\u0151ad\u00f3terem (BBTE F\u0151\u00e9p\u00fclet, 2. emelet) K\u00f6sz\u00f6nt\u0151: \u00c9vnyit\u00f3 el\u0151ad\u00e1s:<\/p>\n","protected":false},"author":1,"featured_media":2930,"comment_status":"closed","ping_status":"open","sticky":false,"template":"","format":"standard","meta":{"wpupg_custom_link":[],"wpupg_custom_link_behaviour":[],"wpupg_custom_link_nofollow":[],"wpupg_custom_image":[],"wpupg_custom_image_id":[],"footnotes":""},"categories":[6,7],"tags":[],"class_list":["post-2929","post","type-post","status-publish","format-standard","has-post-thumbnail","hentry","category-esemeny","category-hir"],"featured_image_src":"https:\/\/atom.ubbcluj.ro\/fizika\/wp-content\/uploads\/2025\/09\/Tanevnyito-2025-web.png","author_info":{"display_name":"J\u00e1rai-Szab\u00f3 Ferenc","author_link":"https:\/\/atom.ubbcluj.ro\/fizika\/author\/ferenc-jarai\/"},"_links":{"self":[{"href":"https:\/\/atom.ubbcluj.ro\/fizika\/wp-json\/wp\/v2\/posts\/2929","targetHints":{"allow":["GET"]}}],"collection":[{"href":"https:\/\/atom.ubbcluj.ro\/fizika\/wp-json\/wp\/v2\/posts"}],"about":[{"href":"https:\/\/atom.ubbcluj.ro\/fizika\/wp-json\/wp\/v2\/types\/post"}],"author":[{"embeddable":true,"href":"https:\/\/atom.ubbcluj.ro\/fizika\/wp-json\/wp\/v2\/users\/1"}],"replies":[{"embeddable":true,"href":"https:\/\/atom.ubbcluj.ro\/fizika\/wp-json\/wp\/v2\/comments?post=2929"}],"version-history":[{"count":1,"href":"https:\/\/atom.ubbcluj.ro\/fizika\/wp-json\/wp\/v2\/posts\/2929\/revisions"}],"predecessor-version":[{"id":2931,"href":"https:\/\/atom.ubbcluj.ro\/fizika\/wp-json\/wp\/v2\/posts\/2929\/revisions\/2931"}],"wp:featuredmedia":[{"embeddable":true,"href":"https:\/\/atom.ubbcluj.ro\/fizika\/wp-json\/wp\/v2\/media\/2930"}],"wp:attachment":[{"href":"https:\/\/atom.ubbcluj.ro\/fizika\/wp-json\/wp\/v2\/media?parent=2929"}],"wp:term":[{"taxonomy":"category","embeddable":true,"href":"https:\/\/atom.ubbcluj.ro\/fizika\/wp-json\/wp\/v2\/categories?post=2929"},{"taxonomy":"post_tag","embeddable":true,"href":"https:\/\/atom.ubbcluj.ro\/fizika\/wp-json\/wp\/v2\/tags?post=2929"}],"curies":[{"name":"wp","href":"https:\/\/api.w.org\/{rel}","templated":true}]}}